{"id":183,"date":"2022-05-01T20:00:00","date_gmt":"2022-05-01T18:00:00","guid":{"rendered":"https:\/\/ccj-boulogne.com\/?p=183"},"modified":"2022-05-01T23:25:21","modified_gmt":"2022-05-01T21:25:21","slug":"yom-hazikaron-yom-haatsmaout-5782-2022-mercredi-4-mai","status":"publish","type":"post","link":"https:\/\/ccj-boulogne.com\/index.php\/2022\/05\/01\/yom-hazikaron-yom-haatsmaout-5782-2022-mercredi-4-mai\/","title":{"rendered":"Yom Hazikaron \/ Yom Haatsmaout 5782-2022, mercredi 4 mai \u00e0 19h00"},"content":{"rendered":"\n<div class=\"wp-block-image\"><figure class=\"aligncenter size-large\"><img loading=\"lazy\" decoding=\"async\" width=\"1024\" height=\"1013\" src=\"https:\/\/ccj-boulogne.com\/wp-content\/uploads\/2022\/05\/CCJ-92-Centre-Culturel-juif-Boulogne-Yom-Hazikaron-Haatsmaout-5782-2022-1024x1013.jpg\" alt=\"\" class=\"wp-image-184\" srcset=\"https:\/\/ccj-boulogne.com\/wp-content\/uploads\/2022\/05\/CCJ-92-Centre-Culturel-juif-Boulogne-Yom-Hazikaron-Haatsmaout-5782-2022-1024x1013.jpg 1024w, https:\/\/ccj-boulogne.com\/wp-content\/uploads\/2022\/05\/CCJ-92-Centre-Culturel-juif-Boulogne-Yom-Hazikaron-Haatsmaout-5782-2022-300x297.jpg 300w, https:\/\/ccj-boulogne.com\/wp-content\/uploads\/2022\/05\/CCJ-92-Centre-Culturel-juif-Boulogne-Yom-Hazikaron-Haatsmaout-5782-2022-768x760.jpg 768w, https:\/\/ccj-boulogne.com\/wp-content\/uploads\/2022\/05\/CCJ-92-Centre-Culturel-juif-Boulogne-Yom-Hazikaron-Haatsmaout-5782-2022-1536x1520.jpg 1536w, https:\/\/ccj-boulogne.com\/wp-content\/uploads\/2022\/05\/CCJ-92-Centre-Culturel-juif-Boulogne-Yom-Hazikaron-Haatsmaout-5782-2022.jpg 1600w\" sizes=\"auto, (max-width: 1024px) 100vw, 1024px\" \/><\/figure><\/div>\n\n\n\n<p>Le Centre Culturel juif de Boulogne vous invite aux c\u00e9l\u00e9brations de <\/p>\n\n\n\n<h2 class=\"wp-block-heading\">Yom Hazikaron \/ Yom Haatsmaout<\/h2>\n\n\n\n<p>le <strong>mercredi 4 mai \u00e0 19h00<\/strong>, avec la participation du &lsquo;Hazan Daniel Boussidan.<\/p>\n\n\n\n<p>Au programme : c\u00e9r\u00e9monie de Yom Hazikaron, en souvenir des des soldats tomb\u00e9s pour l&rsquo;\u00e9dification de l&rsquo;\u00e9tat d&rsquo;Isra\u00ebl, et des victimes du terrorisme, suivi de la c\u00e9r\u00e9monie de Yom Haatsmaout avec r\u00e9citation du Hallel et sonnerie du Choffar.<\/p>\n\n\n\n<p>Un buffet isra\u00e9lien suivra les c\u00e9r\u00e9monies.<\/p>\n\n\n\n<p><\/p>\n","protected":false},"excerpt":{"rendered":"<p>Le Centre Culturel juif de Boulogne vous invite aux c\u00e9l\u00e9brations de Yom Hazikaron \/ Yom Haatsmaout le mercredi 4 mai \u00e0 19h00, avec la participation du &lsquo;Hazan Daniel Boussidan. Au programme : c\u00e9r\u00e9monie de Yom Hazikaron, en souvenir des des soldats tomb\u00e9s pour l&rsquo;\u00e9dification de l&rsquo;\u00e9tat d&rsquo;Isra\u00ebl, et des victimes [&hellip;]<\/p>\n","protected":false},"author":1,"featured_media":184,"comment_status":"open","ping_status":"open","sticky":false,"template":"","format":"standard","meta":{"_monsterinsights_skip_tracking":false,"_monsterinsights_sitenote_active":false,"_monsterinsights_sitenote_note":"","_monsterinsights_sitenote_category":0,"_jetpack_memberships_contains_paid_content":false,"footnotes":""},"categories":[15,14],"tags":[],"class_list":["post-183","post","type-post","status-publish","format-standard","has-post-thumbnail","hentry","category-yom-haatsmaout","category-yom-hazikaron"],"yoast_head":"<!-- This site is optimized with the Yoast SEO plugin v27.2 - https:\/\/yoast.com\/product\/yoast-seo-wordpress\/ -->\n<title>Yom Hazikaron \/ Yom Haatsmaout 5782-2022, mercredi 4 mai \u00e0 19h00 - Le Centre Culturel Juif de Boulogne<\/title>\n<meta name=\"robots\" content=\"index, follow, max-snippet:-1, max-image-preview:large, max-video-preview:-1\" \/>\n<link rel=\"canonical\" href=\"https:\/\/ccj-boulogne.com\/index.php\/2022\/05\/01\/yom-hazikaron-yom-haatsmaout-5782-2022-mercredi-4-mai\/\" \/>\n<meta property=\"og:locale\" content=\"fr_FR\" \/>\n<meta property=\"og:type\" content=\"article\" \/>\n<meta property=\"og:title\" content=\"Yom Hazikaron \/ Yom Haatsmaout 5782-2022, mercredi 4 mai \u00e0 19h00 - Le Centre Culturel Juif de Boulogne\" \/>\n<meta property=\"og:description\" content=\"Le Centre Culturel juif de Boulogne vous invite aux c\u00e9l\u00e9brations de Yom Hazikaron \/ Yom Haatsmaout le mercredi 4 mai \u00e0 19h00, avec la participation du &lsquo;Hazan Daniel Boussidan. Au programme : c\u00e9r\u00e9monie de Yom Hazikaron, en souvenir des des soldats tomb\u00e9s pour l&rsquo;\u00e9dification de l&rsquo;\u00e9tat d&rsquo;Isra\u00ebl, et des victimes [&hellip;]\" \/>\n<meta property=\"og:url\" content=\"https:\/\/ccj-boulogne.com\/index.php\/2022\/05\/01\/yom-hazikaron-yom-haatsmaout-5782-2022-mercredi-4-mai\/\" \/>\n<meta property=\"og:site_name\" content=\"Le Centre Culturel Juif de Boulogne\" \/>\n<meta property=\"article:published_time\" content=\"2022-05-01T18:00:00+00:00\" \/>\n<meta property=\"article:modified_time\" content=\"2022-05-01T21:25:21+00:00\" \/>\n<meta property=\"og:image\" content=\"https:\/\/ccj-boulogne.com\/wp-content\/uploads\/2022\/05\/CCJ-92-Centre-Culturel-juif-Boulogne-Yom-Hazikaron-Haatsmaout-5782-2022.jpg\" \/>\n\t<meta property=\"og:image:width\" content=\"1600\" \/>\n\t<meta property=\"og:image:height\" content=\"1583\" \/>\n\t<meta property=\"og:image:type\" content=\"image\/jpeg\" \/>\n<meta name=\"author\" content=\"CentreCulturelJuifBoulogne\" \/>\n<meta name=\"twitter:card\" content=\"summary_large_image\" \/>\n<meta name=\"twitter:label1\" content=\"\u00c9crit par\" \/>\n\t<meta name=\"twitter:data1\" content=\"CentreCulturelJuifBoulogne\" \/>\n\t<meta name=\"twitter:label2\" content=\"Dur\u00e9e de lecture estim\u00e9e\" \/>\n\t<meta name=\"twitter:data2\" content=\"1 minute\" \/>\n<script type=\"application\/ld+json\" class=\"yoast-schema-graph\">{\"@context\":\"https:\/\/schema.org\",\"@graph\":[{\"@type\":\"Article\",\"@id\":\"https:\/\/ccj-boulogne.com\/index.php\/2022\/05\/01\/yom-hazikaron-yom-haatsmaout-5782-2022-mercredi-4-mai\/#article\",\"isPartOf\":{\"@id\":\"https:\/\/ccj-boulogne.com\/index.php\/2022\/05\/01\/yom-hazikaron-yom-haatsmaout-5782-2022-mercredi-4-mai\/\"},\"author\":{\"name\":\"CentreCulturelJuifBoulogne\",\"@id\":\"https:\/\/ccj-boulogne.com\/#\/schema\/person\/7c5e316d768a9a738604598c83966eb1\"},\"headline\":\"Yom Hazikaron \/ Yom Haatsmaout 5782-2022, mercredi 4 mai \u00e0 19h00\",\"datePublished\":\"2022-05-01T18:00:00+00:00\",\"dateModified\":\"2022-05-01T21:25:21+00:00\",\"mainEntityOfPage\":{\"@id\":\"https:\/\/ccj-boulogne.com\/index.php\/2022\/05\/01\/yom-hazikaron-yom-haatsmaout-5782-2022-mercredi-4-mai\/\"},\"wordCount\":92,\"commentCount\":0,\"publisher\":{\"@id\":\"https:\/\/ccj-boulogne.com\/#organization\"},\"image\":{\"@id\":\"https:\/\/ccj-boulogne.com\/index.php\/2022\/05\/01\/yom-hazikaron-yom-haatsmaout-5782-2022-mercredi-4-mai\/#primaryimage\"},\"thumbnailUrl\":\"https:\/\/ccj-boulogne.com\/wp-content\/uploads\/2022\/05\/CCJ-92-Centre-Culturel-juif-Boulogne-Yom-Hazikaron-Haatsmaout-5782-2022.jpg\",\"articleSection\":[\"Yom Haatsmaout\",\"Yom Hazikaron\"],\"inLanguage\":\"fr-FR\",\"potentialAction\":[{\"@type\":\"CommentAction\",\"name\":\"Comment\",\"target\":[\"https:\/\/ccj-boulogne.com\/index.php\/2022\/05\/01\/yom-hazikaron-yom-haatsmaout-5782-2022-mercredi-4-mai\/#respond\"]}]},{\"@type\":\"WebPage\",\"@id\":\"https:\/\/ccj-boulogne.com\/index.php\/2022\/05\/01\/yom-hazikaron-yom-haatsmaout-5782-2022-mercredi-4-mai\/\",\"url\":\"https:\/\/ccj-boulogne.com\/index.php\/2022\/05\/01\/yom-hazikaron-yom-haatsmaout-5782-2022-mercredi-4-mai\/\",\"name\":\"Yom Hazikaron \/ Yom Haatsmaout 5782-2022, mercredi 4 mai \u00e0 19h00 - Le Centre Culturel Juif de Boulogne\",\"isPartOf\":{\"@id\":\"https:\/\/ccj-boulogne.com\/#website\"},\"primaryImageOfPage\":{\"@id\":\"https:\/\/ccj-boulogne.com\/index.php\/2022\/05\/01\/yom-hazikaron-yom-haatsmaout-5782-2022-mercredi-4-mai\/#primaryimage\"},\"image\":{\"@id\":\"https:\/\/ccj-boulogne.com\/index.php\/2022\/05\/01\/yom-hazikaron-yom-haatsmaout-5782-2022-mercredi-4-mai\/#primaryimage\"},\"thumbnailUrl\":\"https:\/\/ccj-boulogne.com\/wp-content\/uploads\/2022\/05\/CCJ-92-Centre-Culturel-juif-Boulogne-Yom-Hazikaron-Haatsmaout-5782-2022.jpg\",\"datePublished\":\"2022-05-01T18:00:00+00:00\",\"dateModified\":\"2022-05-01T21:25:21+00:00\",\"breadcrumb\":{\"@id\":\"https:\/\/ccj-boulogne.com\/index.php\/2022\/05\/01\/yom-hazikaron-yom-haatsmaout-5782-2022-mercredi-4-mai\/#breadcrumb\"},\"inLanguage\":\"fr-FR\",\"potentialAction\":[{\"@type\":\"ReadAction\",\"target\":[\"https:\/\/ccj-boulogne.com\/index.php\/2022\/05\/01\/yom-hazikaron-yom-haatsmaout-5782-2022-mercredi-4-mai\/\"]}]},{\"@type\":\"ImageObject\",\"inLanguage\":\"fr-FR\",\"@id\":\"https:\/\/ccj-boulogne.com\/index.php\/2022\/05\/01\/yom-hazikaron-yom-haatsmaout-5782-2022-mercredi-4-mai\/#primaryimage\",\"url\":\"https:\/\/ccj-boulogne.com\/wp-content\/uploads\/2022\/05\/CCJ-92-Centre-Culturel-juif-Boulogne-Yom-Hazikaron-Haatsmaout-5782-2022.jpg\",\"contentUrl\":\"https:\/\/ccj-boulogne.com\/wp-content\/uploads\/2022\/05\/CCJ-92-Centre-Culturel-juif-Boulogne-Yom-Hazikaron-Haatsmaout-5782-2022.jpg\",\"width\":1600,\"height\":1583},{\"@type\":\"BreadcrumbList\",\"@id\":\"https:\/\/ccj-boulogne.com\/index.php\/2022\/05\/01\/yom-hazikaron-yom-haatsmaout-5782-2022-mercredi-4-mai\/#breadcrumb\",\"itemListElement\":[{\"@type\":\"ListItem\",\"position\":1,\"name\":\"Accueil\",\"item\":\"https:\/\/ccj-boulogne.com\/\"},{\"@type\":\"ListItem\",\"position\":2,\"name\":\"Yom Hazikaron \/ Yom Haatsmaout 5782-2022, mercredi 4 mai \u00e0 19h00\"}]},{\"@type\":\"WebSite\",\"@id\":\"https:\/\/ccj-boulogne.com\/#website\",\"url\":\"https:\/\/ccj-boulogne.com\/\",\"name\":\"Le Centre Culturel Juif de Boulogne\",\"description\":\"Le Centre Culturel Juif de Boulogne\",\"publisher\":{\"@id\":\"https:\/\/ccj-boulogne.com\/#organization\"},\"potentialAction\":[{\"@type\":\"SearchAction\",\"target\":{\"@type\":\"EntryPoint\",\"urlTemplate\":\"https:\/\/ccj-boulogne.com\/?s={search_term_string}\"},\"query-input\":{\"@type\":\"PropertyValueSpecification\",\"valueRequired\":true,\"valueName\":\"search_term_string\"}}],\"inLanguage\":\"fr-FR\"},{\"@type\":\"Organization\",\"@id\":\"https:\/\/ccj-boulogne.com\/#organization\",\"name\":\"Le Centre Culturel Juif de Boulogne\",\"url\":\"https:\/\/ccj-boulogne.com\/\",\"logo\":{\"@type\":\"ImageObject\",\"inLanguage\":\"fr-FR\",\"@id\":\"https:\/\/ccj-boulogne.com\/#\/schema\/logo\/image\/\",\"url\":\"https:\/\/ccj-boulogne.com\/wp-content\/uploads\/2020\/12\/Logo-Centre-Cultrel-Juif-Boulogne-blanc.jpg\",\"contentUrl\":\"https:\/\/ccj-boulogne.com\/wp-content\/uploads\/2020\/12\/Logo-Centre-Cultrel-Juif-Boulogne-blanc.jpg\",\"width\":1575,\"height\":1575,\"caption\":\"Le Centre Culturel Juif de Boulogne\"},\"image\":{\"@id\":\"https:\/\/ccj-boulogne.com\/#\/schema\/logo\/image\/\"}},{\"@type\":\"Person\",\"@id\":\"https:\/\/ccj-boulogne.com\/#\/schema\/person\/7c5e316d768a9a738604598c83966eb1\",\"name\":\"CentreCulturelJuifBoulogne\",\"image\":{\"@type\":\"ImageObject\",\"inLanguage\":\"fr-FR\",\"@id\":\"https:\/\/secure.gravatar.com\/avatar\/ea30fe7a8231c8c0bf30066f86006714af7be34ba414543eaab3e453b92901aa?s=96&d=mm&r=g\",\"url\":\"https:\/\/secure.gravatar.com\/avatar\/ea30fe7a8231c8c0bf30066f86006714af7be34ba414543eaab3e453b92901aa?s=96&d=mm&r=g\",\"contentUrl\":\"https:\/\/secure.gravatar.com\/avatar\/ea30fe7a8231c8c0bf30066f86006714af7be34ba414543eaab3e453b92901aa?s=96&d=mm&r=g\",\"caption\":\"CentreCulturelJuifBoulogne\"},\"sameAs\":[\"http:\/\/ccj-boulogne.com\"],\"url\":\"https:\/\/ccj-boulogne.com\/index.php\/author\/admin5217\/\"}]}<\/script>\n<!-- \/ Yoast SEO plugin. -->","yoast_head_json":{"title":"Yom Hazikaron \/ Yom Haatsmaout 5782-2022, mercredi 4 mai \u00e0 19h00 - Le Centre Culturel Juif de Boulogne","robots":{"index":"index","follow":"follow","max-snippet":"max-snippet:-1","max-image-preview":"max-image-preview:large","max-video-preview":"max-video-preview:-1"},"canonical":"https:\/\/ccj-boulogne.com\/index.php\/2022\/05\/01\/yom-hazikaron-yom-haatsmaout-5782-2022-mercredi-4-mai\/","og_locale":"fr_FR","og_type":"article","og_title":"Yom Hazikaron \/ Yom Haatsmaout 5782-2022, mercredi 4 mai \u00e0 19h00 - Le Centre Culturel Juif de Boulogne","og_description":"Le Centre Culturel juif de Boulogne vous invite aux c\u00e9l\u00e9brations de Yom Hazikaron \/ Yom Haatsmaout le mercredi 4 mai \u00e0 19h00, avec la participation du &lsquo;Hazan Daniel Boussidan. Au programme : c\u00e9r\u00e9monie de Yom Hazikaron, en souvenir des des soldats tomb\u00e9s pour l&rsquo;\u00e9dification de l&rsquo;\u00e9tat d&rsquo;Isra\u00ebl, et des victimes [&hellip;]","og_url":"https:\/\/ccj-boulogne.com\/index.php\/2022\/05\/01\/yom-hazikaron-yom-haatsmaout-5782-2022-mercredi-4-mai\/","og_site_name":"Le Centre Culturel Juif de Boulogne","article_published_time":"2022-05-01T18:00:00+00:00","article_modified_time":"2022-05-01T21:25:21+00:00","og_image":[{"width":1600,"height":1583,"url":"https:\/\/ccj-boulogne.com\/wp-content\/uploads\/2022\/05\/CCJ-92-Centre-Culturel-juif-Boulogne-Yom-Hazikaron-Haatsmaout-5782-2022.jpg","type":"image\/jpeg"}],"author":"CentreCulturelJuifBoulogne","twitter_card":"summary_large_image","twitter_misc":{"\u00c9crit par":"CentreCulturelJuifBoulogne","Dur\u00e9e de lecture estim\u00e9e":"1 minute"},"schema":{"@context":"https:\/\/schema.org","@graph":[{"@type":"Article","@id":"https:\/\/ccj-boulogne.com\/index.php\/2022\/05\/01\/yom-hazikaron-yom-haatsmaout-5782-2022-mercredi-4-mai\/#article","isPartOf":{"@id":"https:\/\/ccj-boulogne.com\/index.php\/2022\/05\/01\/yom-hazikaron-yom-haatsmaout-5782-2022-mercredi-4-mai\/"},"author":{"name":"CentreCulturelJuifBoulogne","@id":"https:\/\/ccj-boulogne.com\/#\/schema\/person\/7c5e316d768a9a738604598c83966eb1"},"headline":"Yom Hazikaron \/ Yom Haatsmaout 5782-2022, mercredi 4 mai \u00e0 19h00","datePublished":"2022-05-01T18:00:00+00:00","dateModified":"2022-05-01T21:25:21+00:00","mainEntityOfPage":{"@id":"https:\/\/ccj-boulogne.com\/index.php\/2022\/05\/01\/yom-hazikaron-yom-haatsmaout-5782-2022-mercredi-4-mai\/"},"wordCount":92,"commentCount":0,"publisher":{"@id":"https:\/\/ccj-boulogne.com\/#organization"},"image":{"@id":"https:\/\/ccj-boulogne.com\/index.php\/2022\/05\/01\/yom-hazikaron-yom-haatsmaout-5782-2022-mercredi-4-mai\/#primaryimage"},"thumbnailUrl":"https:\/\/ccj-boulogne.com\/wp-content\/uploads\/2022\/05\/CCJ-92-Centre-Culturel-juif-Boulogne-Yom-Hazikaron-Haatsmaout-5782-2022.jpg","articleSection":["Yom Haatsmaout","Yom Hazikaron"],"inLanguage":"fr-FR","potentialAction":[{"@type":"CommentAction","name":"Comment","target":["https:\/\/ccj-boulogne.com\/index.php\/2022\/05\/01\/yom-hazikaron-yom-haatsmaout-5782-2022-mercredi-4-mai\/#respond"]}]},{"@type":"WebPage","@id":"https:\/\/ccj-boulogne.com\/index.php\/2022\/05\/01\/yom-hazikaron-yom-haatsmaout-5782-2022-mercredi-4-mai\/","url":"https:\/\/ccj-boulogne.com\/index.php\/2022\/05\/01\/yom-hazikaron-yom-haatsmaout-5782-2022-mercredi-4-mai\/","name":"Yom Hazikaron \/ Yom Haatsmaout 5782-2022, mercredi 4 mai \u00e0 19h00 - Le Centre Culturel Juif de Boulogne","isPartOf":{"@id":"https:\/\/ccj-boulogne.com\/#website"},"primaryImageOfPage":{"@id":"https:\/\/ccj-boulogne.com\/index.php\/2022\/05\/01\/yom-hazikaron-yom-haatsmaout-5782-2022-mercredi-4-mai\/#primaryimage"},"image":{"@id":"https:\/\/ccj-boulogne.com\/index.php\/2022\/05\/01\/yom-hazikaron-yom-haatsmaout-5782-2022-mercredi-4-mai\/#primaryimage"},"thumbnailUrl":"https:\/\/ccj-boulogne.com\/wp-content\/uploads\/2022\/05\/CCJ-92-Centre-Culturel-juif-Boulogne-Yom-Hazikaron-Haatsmaout-5782-2022.jpg","datePublished":"2022-05-01T18:00:00+00:00","dateModified":"2022-05-01T21:25:21+00:00","breadcrumb":{"@id":"https:\/\/ccj-boulogne.com\/index.php\/2022\/05\/01\/yom-hazikaron-yom-haatsmaout-5782-2022-mercredi-4-mai\/#breadcrumb"},"inLanguage":"fr-FR","potentialAction":[{"@type":"ReadAction","target":["https:\/\/ccj-boulogne.com\/index.php\/2022\/05\/01\/yom-hazikaron-yom-haatsmaout-5782-2022-mercredi-4-mai\/"]}]},{"@type":"ImageObject","inLanguage":"fr-FR","@id":"https:\/\/ccj-boulogne.com\/index.php\/2022\/05\/01\/yom-hazikaron-yom-haatsmaout-5782-2022-mercredi-4-mai\/#primaryimage","url":"https:\/\/ccj-boulogne.com\/wp-content\/uploads\/2022\/05\/CCJ-92-Centre-Culturel-juif-Boulogne-Yom-Hazikaron-Haatsmaout-5782-2022.jpg","contentUrl":"https:\/\/ccj-boulogne.com\/wp-content\/uploads\/2022\/05\/CCJ-92-Centre-Culturel-juif-Boulogne-Yom-Hazikaron-Haatsmaout-5782-2022.jpg","width":1600,"height":1583},{"@type":"BreadcrumbList","@id":"https:\/\/ccj-boulogne.com\/index.php\/2022\/05\/01\/yom-hazikaron-yom-haatsmaout-5782-2022-mercredi-4-mai\/#breadcrumb","itemListElement":[{"@type":"ListItem","position":1,"name":"Accueil","item":"https:\/\/ccj-boulogne.com\/"},{"@type":"ListItem","position":2,"name":"Yom Hazikaron \/ Yom Haatsmaout 5782-2022, mercredi 4 mai \u00e0 19h00"}]},{"@type":"WebSite","@id":"https:\/\/ccj-boulogne.com\/#website","url":"https:\/\/ccj-boulogne.com\/","name":"Le Centre Culturel Juif de Boulogne","description":"Le Centre Culturel Juif de Boulogne","publisher":{"@id":"https:\/\/ccj-boulogne.com\/#organization"},"potentialAction":[{"@type":"SearchAction","target":{"@type":"EntryPoint","urlTemplate":"https:\/\/ccj-boulogne.com\/?s={search_term_string}"},"query-input":{"@type":"PropertyValueSpecification","valueRequired":true,"valueName":"search_term_string"}}],"inLanguage":"fr-FR"},{"@type":"Organization","@id":"https:\/\/ccj-boulogne.com\/#organization","name":"Le Centre Culturel Juif de Boulogne","url":"https:\/\/ccj-boulogne.com\/","logo":{"@type":"ImageObject","inLanguage":"fr-FR","@id":"https:\/\/ccj-boulogne.com\/#\/schema\/logo\/image\/","url":"https:\/\/ccj-boulogne.com\/wp-content\/uploads\/2020\/12\/Logo-Centre-Cultrel-Juif-Boulogne-blanc.jpg","contentUrl":"https:\/\/ccj-boulogne.com\/wp-content\/uploads\/2020\/12\/Logo-Centre-Cultrel-Juif-Boulogne-blanc.jpg","width":1575,"height":1575,"caption":"Le Centre Culturel Juif de Boulogne"},"image":{"@id":"https:\/\/ccj-boulogne.com\/#\/schema\/logo\/image\/"}},{"@type":"Person","@id":"https:\/\/ccj-boulogne.com\/#\/schema\/person\/7c5e316d768a9a738604598c83966eb1","name":"CentreCulturelJuifBoulogne","image":{"@type":"ImageObject","inLanguage":"fr-FR","@id":"https:\/\/secure.gravatar.com\/avatar\/ea30fe7a8231c8c0bf30066f86006714af7be34ba414543eaab3e453b92901aa?s=96&d=mm&r=g","url":"https:\/\/secure.gravatar.com\/avatar\/ea30fe7a8231c8c0bf30066f86006714af7be34ba414543eaab3e453b92901aa?s=96&d=mm&r=g","contentUrl":"https:\/\/secure.gravatar.com\/avatar\/ea30fe7a8231c8c0bf30066f86006714af7be34ba414543eaab3e453b92901aa?s=96&d=mm&r=g","caption":"CentreCulturelJuifBoulogne"},"sameAs":["http:\/\/ccj-boulogne.com"],"url":"https:\/\/ccj-boulogne.com\/index.php\/author\/admin5217\/"}]}},"jetpack_featured_media_url":"https:\/\/ccj-boulogne.com\/wp-content\/uploads\/2022\/05\/CCJ-92-Centre-Culturel-juif-Boulogne-Yom-Hazikaron-Haatsmaout-5782-2022.jpg","jetpack_sharing_enabled":true,"_links":{"self":[{"href":"https:\/\/ccj-boulogne.com\/index.php\/wp-json\/wp\/v2\/posts\/183","targetHints":{"allow":["GET"]}}],"collection":[{"href":"https:\/\/ccj-boulogne.com\/index.php\/wp-json\/wp\/v2\/posts"}],"about":[{"href":"https:\/\/ccj-boulogne.com\/index.php\/wp-json\/wp\/v2\/types\/post"}],"author":[{"embeddable":true,"href":"https:\/\/ccj-boulogne.com\/index.php\/wp-json\/wp\/v2\/users\/1"}],"replies":[{"embeddable":true,"href":"https:\/\/ccj-boulogne.com\/index.php\/wp-json\/wp\/v2\/comments?post=183"}],"version-history":[{"count":2,"href":"https:\/\/ccj-boulogne.com\/index.php\/wp-json\/wp\/v2\/posts\/183\/revisions"}],"predecessor-version":[{"id":186,"href":"https:\/\/ccj-boulogne.com\/index.php\/wp-json\/wp\/v2\/posts\/183\/revisions\/186"}],"wp:featuredmedia":[{"embeddable":true,"href":"https:\/\/ccj-boulogne.com\/index.php\/wp-json\/wp\/v2\/media\/184"}],"wp:attachment":[{"href":"https:\/\/ccj-boulogne.com\/index.php\/wp-json\/wp\/v2\/media?parent=183"}],"wp:term":[{"taxonomy":"category","embeddable":true,"href":"https:\/\/ccj-boulogne.com\/index.php\/wp-json\/wp\/v2\/categories?post=183"},{"taxonomy":"post_tag","embeddable":true,"href":"https:\/\/ccj-boulogne.com\/index.php\/wp-json\/wp\/v2\/tags?post=183"}],"curies":[{"name":"wp","href":"https:\/\/api.w.org\/{rel}","templated":true}]}}