{"id":7283,"date":"2025-11-22T20:00:00","date_gmt":"2025-11-22T19:00:00","guid":{"rendered":"https:\/\/ccj-boulogne.com\/?p=7283"},"modified":"2025-12-06T23:29:02","modified_gmt":"2025-12-06T22:29:02","slug":"conference-echanges-yves-azeroual-samedi-6-decembre-2025","status":"publish","type":"post","link":"https:\/\/ccj-boulogne.com\/index.php\/2025\/11\/22\/conference-echanges-yves-azeroual-samedi-6-decembre-2025\/","title":{"rendered":"Conf\u00e9rence \/ \u00e9changes avec Yves Azeroual, samedi 6 d\u00e9cembre 2025 \u00e0 20h00"},"content":{"rendered":"\n<figure class=\"wp-block-image size-large\"><img loading=\"lazy\" decoding=\"async\" width=\"724\" height=\"1024\" src=\"https:\/\/ccj-boulogne.com\/wp-content\/uploads\/2025\/12\/Le-06-decembre-2025-724x1024.png\" alt=\"\" class=\"wp-image-7284\" srcset=\"https:\/\/ccj-boulogne.com\/wp-content\/uploads\/2025\/12\/Le-06-decembre-2025-724x1024.png 724w, https:\/\/ccj-boulogne.com\/wp-content\/uploads\/2025\/12\/Le-06-decembre-2025-212x300.png 212w, https:\/\/ccj-boulogne.com\/wp-content\/uploads\/2025\/12\/Le-06-decembre-2025-768x1086.png 768w, https:\/\/ccj-boulogne.com\/wp-content\/uploads\/2025\/12\/Le-06-decembre-2025-1086x1536.png 1086w, https:\/\/ccj-boulogne.com\/wp-content\/uploads\/2025\/12\/Le-06-decembre-2025-1448x2048.png 1448w, https:\/\/ccj-boulogne.com\/wp-content\/uploads\/2025\/12\/Le-06-decembre-2025.png 1587w\" sizes=\"auto, (max-width: 724px) 100vw, 724px\" \/><\/figure>\n\n\n\n<p>A l&rsquo;occasion de la sortie de son dernier livre, le Centre Culturel juif de Boulogne est heureux de vous convier \u00e0 une conf\u00e9rence\/\u00e9changes avec <strong>Yves Azeroual<\/strong>, le <strong>samedi 6 d\u00e9cembre 2025 \u00e0 20h00<\/strong>.<\/p>\n","protected":false},"excerpt":{"rendered":"<p>A l&rsquo;occasion de la sortie de son dernier livre, le Centre Culturel juif de Boulogne est heureux de vous convier \u00e0 une conf\u00e9rence\/\u00e9changes avec Yves Azeroual, le samedi 6 d\u00e9cembre 2025 \u00e0 20h00.<\/p>\n","protected":false},"author":1,"featured_media":7284,"comment_status":"open","ping_status":"open","sticky":false,"template":"","format":"standard","meta":{"_monsterinsights_skip_tracking":false,"_monsterinsights_sitenote_active":false,"_monsterinsights_sitenote_note":"","_monsterinsights_sitenote_category":0,"_jetpack_memberships_contains_paid_content":false,"footnotes":""},"categories":[11],"tags":[],"class_list":["post-7283","post","type-post","status-publish","format-standard","has-post-thumbnail","hentry","category-conference"],"yoast_head":"<!-- This site is optimized with the Yoast SEO plugin v27.2 - https:\/\/yoast.com\/product\/yoast-seo-wordpress\/ -->\n<title>Conf\u00e9rence \/ \u00e9changes avec Yves Azeroual, samedi 6 d\u00e9cembre 2025 \u00e0 20h00 - Le Centre Culturel Juif de Boulogne<\/title>\n<meta name=\"robots\" content=\"index, follow, max-snippet:-1, max-image-preview:large, max-video-preview:-1\" \/>\n<link rel=\"canonical\" href=\"https:\/\/ccj-boulogne.com\/index.php\/2025\/11\/22\/conference-echanges-yves-azeroual-samedi-6-decembre-2025\/\" \/>\n<meta property=\"og:locale\" content=\"fr_FR\" \/>\n<meta property=\"og:type\" content=\"article\" \/>\n<meta property=\"og:title\" content=\"Conf\u00e9rence \/ \u00e9changes avec Yves Azeroual, samedi 6 d\u00e9cembre 2025 \u00e0 20h00 - Le Centre Culturel Juif de Boulogne\" \/>\n<meta property=\"og:description\" content=\"A l&rsquo;occasion de la sortie de son dernier livre, le Centre Culturel juif de Boulogne est heureux de vous convier \u00e0 une conf\u00e9rence\/\u00e9changes avec Yves Azeroual, le samedi 6 d\u00e9cembre 2025 \u00e0 20h00.\" \/>\n<meta property=\"og:url\" content=\"https:\/\/ccj-boulogne.com\/index.php\/2025\/11\/22\/conference-echanges-yves-azeroual-samedi-6-decembre-2025\/\" \/>\n<meta property=\"og:site_name\" content=\"Le Centre Culturel Juif de Boulogne\" \/>\n<meta property=\"article:published_time\" content=\"2025-11-22T19:00:00+00:00\" \/>\n<meta property=\"article:modified_time\" content=\"2025-12-06T22:29:02+00:00\" \/>\n<meta property=\"og:image\" content=\"https:\/\/ccj-boulogne.com\/wp-content\/uploads\/2025\/12\/Le-06-decembre-2025-724x1024.png\" \/>\n\t<meta property=\"og:image:width\" content=\"724\" \/>\n\t<meta property=\"og:image:height\" content=\"1024\" \/>\n\t<meta property=\"og:image:type\" content=\"image\/png\" \/>\n<meta name=\"author\" content=\"CentreCulturelJuifBoulogne\" \/>\n<meta name=\"twitter:card\" content=\"summary_large_image\" \/>\n<meta name=\"twitter:label1\" content=\"\u00c9crit par\" \/>\n\t<meta name=\"twitter:data1\" content=\"CentreCulturelJuifBoulogne\" \/>\n\t<meta name=\"twitter:label2\" content=\"Dur\u00e9e de lecture estim\u00e9e\" \/>\n\t<meta name=\"twitter:data2\" content=\"1 minute\" \/>\n<script type=\"application\/ld+json\" class=\"yoast-schema-graph\">{\"@context\":\"https:\/\/schema.org\",\"@graph\":[{\"@type\":\"Article\",\"@id\":\"https:\/\/ccj-boulogne.com\/index.php\/2025\/11\/22\/conference-echanges-yves-azeroual-samedi-6-decembre-2025\/#article\",\"isPartOf\":{\"@id\":\"https:\/\/ccj-boulogne.com\/index.php\/2025\/11\/22\/conference-echanges-yves-azeroual-samedi-6-decembre-2025\/\"},\"author\":{\"name\":\"CentreCulturelJuifBoulogne\",\"@id\":\"https:\/\/ccj-boulogne.com\/#\/schema\/person\/7c5e316d768a9a738604598c83966eb1\"},\"headline\":\"Conf\u00e9rence \/ \u00e9changes avec Yves Azeroual, samedi 6 d\u00e9cembre 2025 \u00e0 20h00\",\"datePublished\":\"2025-11-22T19:00:00+00:00\",\"dateModified\":\"2025-12-06T22:29:02+00:00\",\"mainEntityOfPage\":{\"@id\":\"https:\/\/ccj-boulogne.com\/index.php\/2025\/11\/22\/conference-echanges-yves-azeroual-samedi-6-decembre-2025\/\"},\"wordCount\":43,\"commentCount\":0,\"publisher\":{\"@id\":\"https:\/\/ccj-boulogne.com\/#organization\"},\"image\":{\"@id\":\"https:\/\/ccj-boulogne.com\/index.php\/2025\/11\/22\/conference-echanges-yves-azeroual-samedi-6-decembre-2025\/#primaryimage\"},\"thumbnailUrl\":\"https:\/\/ccj-boulogne.com\/wp-content\/uploads\/2025\/12\/Le-06-decembre-2025.png\",\"articleSection\":[\"Conf\u00e9rence\"],\"inLanguage\":\"fr-FR\",\"potentialAction\":[{\"@type\":\"CommentAction\",\"name\":\"Comment\",\"target\":[\"https:\/\/ccj-boulogne.com\/index.php\/2025\/11\/22\/conference-echanges-yves-azeroual-samedi-6-decembre-2025\/#respond\"]}]},{\"@type\":\"WebPage\",\"@id\":\"https:\/\/ccj-boulogne.com\/index.php\/2025\/11\/22\/conference-echanges-yves-azeroual-samedi-6-decembre-2025\/\",\"url\":\"https:\/\/ccj-boulogne.com\/index.php\/2025\/11\/22\/conference-echanges-yves-azeroual-samedi-6-decembre-2025\/\",\"name\":\"Conf\u00e9rence \/ \u00e9changes avec Yves Azeroual, samedi 6 d\u00e9cembre 2025 \u00e0 20h00 - Le Centre Culturel Juif de Boulogne\",\"isPartOf\":{\"@id\":\"https:\/\/ccj-boulogne.com\/#website\"},\"primaryImageOfPage\":{\"@id\":\"https:\/\/ccj-boulogne.com\/index.php\/2025\/11\/22\/conference-echanges-yves-azeroual-samedi-6-decembre-2025\/#primaryimage\"},\"image\":{\"@id\":\"https:\/\/ccj-boulogne.com\/index.php\/2025\/11\/22\/conference-echanges-yves-azeroual-samedi-6-decembre-2025\/#primaryimage\"},\"thumbnailUrl\":\"https:\/\/ccj-boulogne.com\/wp-content\/uploads\/2025\/12\/Le-06-decembre-2025.png\",\"datePublished\":\"2025-11-22T19:00:00+00:00\",\"dateModified\":\"2025-12-06T22:29:02+00:00\",\"breadcrumb\":{\"@id\":\"https:\/\/ccj-boulogne.com\/index.php\/2025\/11\/22\/conference-echanges-yves-azeroual-samedi-6-decembre-2025\/#breadcrumb\"},\"inLanguage\":\"fr-FR\",\"potentialAction\":[{\"@type\":\"ReadAction\",\"target\":[\"https:\/\/ccj-boulogne.com\/index.php\/2025\/11\/22\/conference-echanges-yves-azeroual-samedi-6-decembre-2025\/\"]}]},{\"@type\":\"ImageObject\",\"inLanguage\":\"fr-FR\",\"@id\":\"https:\/\/ccj-boulogne.com\/index.php\/2025\/11\/22\/conference-echanges-yves-azeroual-samedi-6-decembre-2025\/#primaryimage\",\"url\":\"https:\/\/ccj-boulogne.com\/wp-content\/uploads\/2025\/12\/Le-06-decembre-2025.png\",\"contentUrl\":\"https:\/\/ccj-boulogne.com\/wp-content\/uploads\/2025\/12\/Le-06-decembre-2025.png\",\"width\":1587,\"height\":2245},{\"@type\":\"BreadcrumbList\",\"@id\":\"https:\/\/ccj-boulogne.com\/index.php\/2025\/11\/22\/conference-echanges-yves-azeroual-samedi-6-decembre-2025\/#breadcrumb\",\"itemListElement\":[{\"@type\":\"ListItem\",\"position\":1,\"name\":\"Accueil\",\"item\":\"https:\/\/ccj-boulogne.com\/\"},{\"@type\":\"ListItem\",\"position\":2,\"name\":\"Conf\u00e9rence \/ \u00e9changes avec Yves Azeroual, samedi 6 d\u00e9cembre 2025 \u00e0 20h00\"}]},{\"@type\":\"WebSite\",\"@id\":\"https:\/\/ccj-boulogne.com\/#website\",\"url\":\"https:\/\/ccj-boulogne.com\/\",\"name\":\"Le Centre Culturel Juif de Boulogne\",\"description\":\"Le Centre Culturel Juif de Boulogne\",\"publisher\":{\"@id\":\"https:\/\/ccj-boulogne.com\/#organization\"},\"potentialAction\":[{\"@type\":\"SearchAction\",\"target\":{\"@type\":\"EntryPoint\",\"urlTemplate\":\"https:\/\/ccj-boulogne.com\/?s={search_term_string}\"},\"query-input\":{\"@type\":\"PropertyValueSpecification\",\"valueRequired\":true,\"valueName\":\"search_term_string\"}}],\"inLanguage\":\"fr-FR\"},{\"@type\":\"Organization\",\"@id\":\"https:\/\/ccj-boulogne.com\/#organization\",\"name\":\"Le Centre Culturel Juif de Boulogne\",\"url\":\"https:\/\/ccj-boulogne.com\/\",\"logo\":{\"@type\":\"ImageObject\",\"inLanguage\":\"fr-FR\",\"@id\":\"https:\/\/ccj-boulogne.com\/#\/schema\/logo\/image\/\",\"url\":\"https:\/\/ccj-boulogne.com\/wp-content\/uploads\/2020\/12\/Logo-Centre-Cultrel-Juif-Boulogne-blanc.jpg\",\"contentUrl\":\"https:\/\/ccj-boulogne.com\/wp-content\/uploads\/2020\/12\/Logo-Centre-Cultrel-Juif-Boulogne-blanc.jpg\",\"width\":1575,\"height\":1575,\"caption\":\"Le Centre Culturel Juif de Boulogne\"},\"image\":{\"@id\":\"https:\/\/ccj-boulogne.com\/#\/schema\/logo\/image\/\"}},{\"@type\":\"Person\",\"@id\":\"https:\/\/ccj-boulogne.com\/#\/schema\/person\/7c5e316d768a9a738604598c83966eb1\",\"name\":\"CentreCulturelJuifBoulogne\",\"image\":{\"@type\":\"ImageObject\",\"inLanguage\":\"fr-FR\",\"@id\":\"https:\/\/secure.gravatar.com\/avatar\/ea30fe7a8231c8c0bf30066f86006714af7be34ba414543eaab3e453b92901aa?s=96&d=mm&r=g\",\"url\":\"https:\/\/secure.gravatar.com\/avatar\/ea30fe7a8231c8c0bf30066f86006714af7be34ba414543eaab3e453b92901aa?s=96&d=mm&r=g\",\"contentUrl\":\"https:\/\/secure.gravatar.com\/avatar\/ea30fe7a8231c8c0bf30066f86006714af7be34ba414543eaab3e453b92901aa?s=96&d=mm&r=g\",\"caption\":\"CentreCulturelJuifBoulogne\"},\"sameAs\":[\"http:\/\/ccj-boulogne.com\"],\"url\":\"https:\/\/ccj-boulogne.com\/index.php\/author\/admin5217\/\"}]}<\/script>\n<!-- \/ Yoast SEO plugin. -->","yoast_head_json":{"title":"Conf\u00e9rence \/ \u00e9changes avec Yves Azeroual, samedi 6 d\u00e9cembre 2025 \u00e0 20h00 - Le Centre Culturel Juif de Boulogne","robots":{"index":"index","follow":"follow","max-snippet":"max-snippet:-1","max-image-preview":"max-image-preview:large","max-video-preview":"max-video-preview:-1"},"canonical":"https:\/\/ccj-boulogne.com\/index.php\/2025\/11\/22\/conference-echanges-yves-azeroual-samedi-6-decembre-2025\/","og_locale":"fr_FR","og_type":"article","og_title":"Conf\u00e9rence \/ \u00e9changes avec Yves Azeroual, samedi 6 d\u00e9cembre 2025 \u00e0 20h00 - Le Centre Culturel Juif de Boulogne","og_description":"A l&rsquo;occasion de la sortie de son dernier livre, le Centre Culturel juif de Boulogne est heureux de vous convier \u00e0 une conf\u00e9rence\/\u00e9changes avec Yves Azeroual, le samedi 6 d\u00e9cembre 2025 \u00e0 20h00.","og_url":"https:\/\/ccj-boulogne.com\/index.php\/2025\/11\/22\/conference-echanges-yves-azeroual-samedi-6-decembre-2025\/","og_site_name":"Le Centre Culturel Juif de Boulogne","article_published_time":"2025-11-22T19:00:00+00:00","article_modified_time":"2025-12-06T22:29:02+00:00","og_image":[{"width":724,"height":1024,"url":"https:\/\/ccj-boulogne.com\/wp-content\/uploads\/2025\/12\/Le-06-decembre-2025-724x1024.png","type":"image\/png"}],"author":"CentreCulturelJuifBoulogne","twitter_card":"summary_large_image","twitter_misc":{"\u00c9crit par":"CentreCulturelJuifBoulogne","Dur\u00e9e de lecture estim\u00e9e":"1 minute"},"schema":{"@context":"https:\/\/schema.org","@graph":[{"@type":"Article","@id":"https:\/\/ccj-boulogne.com\/index.php\/2025\/11\/22\/conference-echanges-yves-azeroual-samedi-6-decembre-2025\/#article","isPartOf":{"@id":"https:\/\/ccj-boulogne.com\/index.php\/2025\/11\/22\/conference-echanges-yves-azeroual-samedi-6-decembre-2025\/"},"author":{"name":"CentreCulturelJuifBoulogne","@id":"https:\/\/ccj-boulogne.com\/#\/schema\/person\/7c5e316d768a9a738604598c83966eb1"},"headline":"Conf\u00e9rence \/ \u00e9changes avec Yves Azeroual, samedi 6 d\u00e9cembre 2025 \u00e0 20h00","datePublished":"2025-11-22T19:00:00+00:00","dateModified":"2025-12-06T22:29:02+00:00","mainEntityOfPage":{"@id":"https:\/\/ccj-boulogne.com\/index.php\/2025\/11\/22\/conference-echanges-yves-azeroual-samedi-6-decembre-2025\/"},"wordCount":43,"commentCount":0,"publisher":{"@id":"https:\/\/ccj-boulogne.com\/#organization"},"image":{"@id":"https:\/\/ccj-boulogne.com\/index.php\/2025\/11\/22\/conference-echanges-yves-azeroual-samedi-6-decembre-2025\/#primaryimage"},"thumbnailUrl":"https:\/\/ccj-boulogne.com\/wp-content\/uploads\/2025\/12\/Le-06-decembre-2025.png","articleSection":["Conf\u00e9rence"],"inLanguage":"fr-FR","potentialAction":[{"@type":"CommentAction","name":"Comment","target":["https:\/\/ccj-boulogne.com\/index.php\/2025\/11\/22\/conference-echanges-yves-azeroual-samedi-6-decembre-2025\/#respond"]}]},{"@type":"WebPage","@id":"https:\/\/ccj-boulogne.com\/index.php\/2025\/11\/22\/conference-echanges-yves-azeroual-samedi-6-decembre-2025\/","url":"https:\/\/ccj-boulogne.com\/index.php\/2025\/11\/22\/conference-echanges-yves-azeroual-samedi-6-decembre-2025\/","name":"Conf\u00e9rence \/ \u00e9changes avec Yves Azeroual, samedi 6 d\u00e9cembre 2025 \u00e0 20h00 - Le Centre Culturel Juif de Boulogne","isPartOf":{"@id":"https:\/\/ccj-boulogne.com\/#website"},"primaryImageOfPage":{"@id":"https:\/\/ccj-boulogne.com\/index.php\/2025\/11\/22\/conference-echanges-yves-azeroual-samedi-6-decembre-2025\/#primaryimage"},"image":{"@id":"https:\/\/ccj-boulogne.com\/index.php\/2025\/11\/22\/conference-echanges-yves-azeroual-samedi-6-decembre-2025\/#primaryimage"},"thumbnailUrl":"https:\/\/ccj-boulogne.com\/wp-content\/uploads\/2025\/12\/Le-06-decembre-2025.png","datePublished":"2025-11-22T19:00:00+00:00","dateModified":"2025-12-06T22:29:02+00:00","breadcrumb":{"@id":"https:\/\/ccj-boulogne.com\/index.php\/2025\/11\/22\/conference-echanges-yves-azeroual-samedi-6-decembre-2025\/#breadcrumb"},"inLanguage":"fr-FR","potentialAction":[{"@type":"ReadAction","target":["https:\/\/ccj-boulogne.com\/index.php\/2025\/11\/22\/conference-echanges-yves-azeroual-samedi-6-decembre-2025\/"]}]},{"@type":"ImageObject","inLanguage":"fr-FR","@id":"https:\/\/ccj-boulogne.com\/index.php\/2025\/11\/22\/conference-echanges-yves-azeroual-samedi-6-decembre-2025\/#primaryimage","url":"https:\/\/ccj-boulogne.com\/wp-content\/uploads\/2025\/12\/Le-06-decembre-2025.png","contentUrl":"https:\/\/ccj-boulogne.com\/wp-content\/uploads\/2025\/12\/Le-06-decembre-2025.png","width":1587,"height":2245},{"@type":"BreadcrumbList","@id":"https:\/\/ccj-boulogne.com\/index.php\/2025\/11\/22\/conference-echanges-yves-azeroual-samedi-6-decembre-2025\/#breadcrumb","itemListElement":[{"@type":"ListItem","position":1,"name":"Accueil","item":"https:\/\/ccj-boulogne.com\/"},{"@type":"ListItem","position":2,"name":"Conf\u00e9rence \/ \u00e9changes avec Yves Azeroual, samedi 6 d\u00e9cembre 2025 \u00e0 20h00"}]},{"@type":"WebSite","@id":"https:\/\/ccj-boulogne.com\/#website","url":"https:\/\/ccj-boulogne.com\/","name":"Le Centre Culturel Juif de Boulogne","description":"Le Centre Culturel Juif de Boulogne","publisher":{"@id":"https:\/\/ccj-boulogne.com\/#organization"},"potentialAction":[{"@type":"SearchAction","target":{"@type":"EntryPoint","urlTemplate":"https:\/\/ccj-boulogne.com\/?s={search_term_string}"},"query-input":{"@type":"PropertyValueSpecification","valueRequired":true,"valueName":"search_term_string"}}],"inLanguage":"fr-FR"},{"@type":"Organization","@id":"https:\/\/ccj-boulogne.com\/#organization","name":"Le Centre Culturel Juif de Boulogne","url":"https:\/\/ccj-boulogne.com\/","logo":{"@type":"ImageObject","inLanguage":"fr-FR","@id":"https:\/\/ccj-boulogne.com\/#\/schema\/logo\/image\/","url":"https:\/\/ccj-boulogne.com\/wp-content\/uploads\/2020\/12\/Logo-Centre-Cultrel-Juif-Boulogne-blanc.jpg","contentUrl":"https:\/\/ccj-boulogne.com\/wp-content\/uploads\/2020\/12\/Logo-Centre-Cultrel-Juif-Boulogne-blanc.jpg","width":1575,"height":1575,"caption":"Le Centre Culturel Juif de Boulogne"},"image":{"@id":"https:\/\/ccj-boulogne.com\/#\/schema\/logo\/image\/"}},{"@type":"Person","@id":"https:\/\/ccj-boulogne.com\/#\/schema\/person\/7c5e316d768a9a738604598c83966eb1","name":"CentreCulturelJuifBoulogne","image":{"@type":"ImageObject","inLanguage":"fr-FR","@id":"https:\/\/secure.gravatar.com\/avatar\/ea30fe7a8231c8c0bf30066f86006714af7be34ba414543eaab3e453b92901aa?s=96&d=mm&r=g","url":"https:\/\/secure.gravatar.com\/avatar\/ea30fe7a8231c8c0bf30066f86006714af7be34ba414543eaab3e453b92901aa?s=96&d=mm&r=g","contentUrl":"https:\/\/secure.gravatar.com\/avatar\/ea30fe7a8231c8c0bf30066f86006714af7be34ba414543eaab3e453b92901aa?s=96&d=mm&r=g","caption":"CentreCulturelJuifBoulogne"},"sameAs":["http:\/\/ccj-boulogne.com"],"url":"https:\/\/ccj-boulogne.com\/index.php\/author\/admin5217\/"}]}},"jetpack_featured_media_url":"https:\/\/ccj-boulogne.com\/wp-content\/uploads\/2025\/12\/Le-06-decembre-2025.png","jetpack_sharing_enabled":true,"_links":{"self":[{"href":"https:\/\/ccj-boulogne.com\/index.php\/wp-json\/wp\/v2\/posts\/7283","targetHints":{"allow":["GET"]}}],"collection":[{"href":"https:\/\/ccj-boulogne.com\/index.php\/wp-json\/wp\/v2\/posts"}],"about":[{"href":"https:\/\/ccj-boulogne.com\/index.php\/wp-json\/wp\/v2\/types\/post"}],"author":[{"embeddable":true,"href":"https:\/\/ccj-boulogne.com\/index.php\/wp-json\/wp\/v2\/users\/1"}],"replies":[{"embeddable":true,"href":"https:\/\/ccj-boulogne.com\/index.php\/wp-json\/wp\/v2\/comments?post=7283"}],"version-history":[{"count":1,"href":"https:\/\/ccj-boulogne.com\/index.php\/wp-json\/wp\/v2\/posts\/7283\/revisions"}],"predecessor-version":[{"id":7285,"href":"https:\/\/ccj-boulogne.com\/index.php\/wp-json\/wp\/v2\/posts\/7283\/revisions\/7285"}],"wp:featuredmedia":[{"embeddable":true,"href":"https:\/\/ccj-boulogne.com\/index.php\/wp-json\/wp\/v2\/media\/7284"}],"wp:attachment":[{"href":"https:\/\/ccj-boulogne.com\/index.php\/wp-json\/wp\/v2\/media?parent=7283"}],"wp:term":[{"taxonomy":"category","embeddable":true,"href":"https:\/\/ccj-boulogne.com\/index.php\/wp-json\/wp\/v2\/categories?post=7283"},{"taxonomy":"post_tag","embeddable":true,"href":"https:\/\/ccj-boulogne.com\/index.php\/wp-json\/wp\/v2\/tags?post=7283"}],"curies":[{"name":"wp","href":"https:\/\/api.w.org\/{rel}","templated":true}]}}